{"id":1312,"date":"2016-12-11T19:06:34","date_gmt":"2016-12-11T18:06:34","guid":{"rendered":"http:\/\/www.snepfsu-creteil.net\/wp\/?p=1312"},"modified":"2017-02-06T11:08:40","modified_gmt":"2017-02-06T10:08:40","slug":"congres-academique-les-30-31-janvier-infos-et-inscriptions","status":"publish","type":"post","link":"https:\/\/www.snepfsu-creteil.net\/wp\/congres-academique-les-30-31-janvier-infos-et-inscriptions\/","title":{"rendered":"Congr\u00e8s acad\u00e9mique les 30-31 janvier : infos et inscriptions"},"content":{"rendered":"<p>Suite aux congr\u00e8s d\u00e9partementaux qui ont r\u00e9unis des dizaines de coll\u00e8gues dans les 3 d\u00e9partements, le SNEP-FSU Cr\u00e9teil organise son congr\u00e8s acad\u00e9mique les 30-31 janvier \u00e0 Cr\u00e9teil. Pour y participer : t\u00e9l\u00e9charge la convocation, permettant ton autorisation sp\u00e9ciale d&rsquo;absence et inscris-toi d\u00e8s maintenant (<a href=\"https:\/\/www.snepfsu-creteil.net\/wp\/?p=1314\">convocation et toutes les infos ici<\/a>).<\/p>\n<p>Le congr\u00e8s acad\u00e9mique sera le moment du d\u00e9pouillement du vote pour les bureaux d\u00e9p et acad (<a href=\"https:\/\/www.snepfsu-creteil.net\/wp\/?p=1345\">bulletin de vote ici <\/a>et re\u00e7u avec le dernier bulletin d\u00e9partemental). Le vote est ouvert aux adh\u00e9rents et adh\u00e9rents de l&rsquo;an pass\u00e9 n&rsquo;ayant pas encore renouveler leur adh\u00e9sion pour 2016-17 ! PENSE A ENVOYER TON BULLETIN et \u00e0 T&rsquo;INSCRIRE AU CONGRES !<\/p>\n","protected":false},"excerpt":{"rendered":"<p>Suite aux congr\u00e8s d\u00e9partementaux qui ont r\u00e9unis des dizaines de coll\u00e8gues dans les 3 d\u00e9partements, le SNEP-FSU Cr\u00e9teil organise son<\/p>\n","protected":false},"author":19,"featured_media":0,"comment_status":"closed","ping_status":"closed","sticky":false,"template":"","format":"standard","meta":{"colormag_page_layout":"default_layout","footnotes":""},"categories":[31,15],"tags":[172,92],"class_list":["post-1312","post","type-post","status-publish","format-standard","hentry","category-militants","category-stages","tag-congres-academique","tag-snep-fsu-creteil"],"_links":{"self":[{"href":"https:\/\/www.snepfsu-creteil.net\/wp\/wp-json\/wp\/v2\/posts\/1312","targetHints":{"allow":["GET"]}}],"collection":[{"href":"https:\/\/www.snepfsu-creteil.net\/wp\/wp-json\/wp\/v2\/posts"}],"about":[{"href":"https:\/\/www.snepfsu-creteil.net\/wp\/wp-json\/wp\/v2\/types\/post"}],"author":[{"embeddable":true,"href":"https:\/\/www.snepfsu-creteil.net\/wp\/wp-json\/wp\/v2\/users\/19"}],"replies":[{"embeddable":true,"href":"https:\/\/www.snepfsu-creteil.net\/wp\/wp-json\/wp\/v2\/comments?post=1312"}],"version-history":[{"count":0,"href":"https:\/\/www.snepfsu-creteil.net\/wp\/wp-json\/wp\/v2\/posts\/1312\/revisions"}],"wp:attachment":[{"href":"https:\/\/www.snepfsu-creteil.net\/wp\/wp-json\/wp\/v2\/media?parent=1312"}],"wp:term":[{"taxonomy":"category","embeddable":true,"href":"https:\/\/www.snepfsu-creteil.net\/wp\/wp-json\/wp\/v2\/categories?post=1312"},{"taxonomy":"post_tag","embeddable":true,"href":"https:\/\/www.snepfsu-creteil.net\/wp\/wp-json\/wp\/v2\/tags?post=1312"}],"curies":[{"name":"wp","href":"https:\/\/api.w.org\/{rel}","templated":true}]}}