{"id":1345,"date":"2016-12-19T14:19:13","date_gmt":"2016-12-19T13:19:13","guid":{"rendered":"http:\/\/www.snepfsu-creteil.net\/wp\/?p=1345"},"modified":"2016-12-19T14:48:04","modified_gmt":"2016-12-19T13:48:04","slug":"vote-du-congres-telecharge-et-envoie-ton-bulletin-avant-le-25-janvier","status":"publish","type":"post","link":"https:\/\/www.snepfsu-creteil.net\/wp\/vote-du-congres-telecharge-et-envoie-ton-bulletin-avant-le-25-janvier\/","title":{"rendered":"Vote du congr\u00e8s : t\u00e9l\u00e9charge et envoie ton bulletin avant le 25 Janvier"},"content":{"rendered":"<p>Tous les 3 ans, le congr\u00e8s est un moment d\u00e9mocratique de bilan de l&rsquo;activit\u00e9 syndicale \u00e0 travers les rapports d&rsquo;activit\u00e9 et financiers par au niveau national, acad\u00e9mique et d\u00e9partemental. Temps d\u00e9mocratique aussi par l&rsquo;\u00e9lection, par les adh\u00e9rents et adh\u00e9rents l&rsquo;an pass\u00e9 des membres des bureaux aux trois niveau de l&rsquo;organisation de notre syndicat.<\/p>\n<p>Le vote se fait par correspondance ou via un militant d\u00e9partemental.<\/p>\n<ul>\n<li><strong>T\u00e9l\u00e9charge<\/strong> le bulletin de vote de ton d\u00e9partement<\/li>\n<\/ul>\n<p>Bulletin de vote pour le 77 : <a href=\"https:\/\/www.snepfsu-creteil.net\/wp\/wp-content\/uploads\/2016\/12\/bulletin-de-vote-congr\u00e8s-2017-77.pdf\">bulletin-de-vote-congres-2017-77<\/a><\/p>\n<p>Bulletin de vote pour le 93 : <a href=\"https:\/\/www.snepfsu-creteil.net\/wp\/wp-content\/uploads\/2016\/12\/bulletin-de-vote-congr\u00e8s-2017-93.pdf\">bulletin-de-vote-congres-2017-93<\/a><\/p>\n<p>Bulletin de vote pour le 94 :<a href=\"https:\/\/www.snepfsu-creteil.net\/wp\/wp-content\/uploads\/2016\/12\/bulletin-de-vote-congr\u00e8s-2017-94.pdf\">bulletin-de-vote-congres-2017-94<\/a><\/p>\n<ul>\n<li>Entoure les <strong>choix sur les 9 votes<\/strong> : rapports d&rsquo;activit\u00e9, rapports financiers et listes de bureaux aux 3 niveaux<\/li>\n<li>Place ton bulletin dans une<strong> petite enveloppe<\/strong><\/li>\n<li>Place cette enveloppe <strong>dans une enveloppe plus grande<\/strong><\/li>\n<li>Pr\u00e9ciser au recto : <strong>\u00ab\u00a0Election SNEP-FSU 2017\u00a0\u00bb<\/strong><\/li>\n<li><strong>Pr\u00e9ciser au verso : NOM \/ Pr\u00e9nom \/ \u00e9tablissement \/ Commune \/ d\u00e9partement<\/strong><\/li>\n<li><strong>+ PENSER A SIGNER<\/strong><\/li>\n<li><strong>Enveloppe \u00e0 timbrer et <span style=\"text-decoration: underline;\">envoyer d\u00e8s que possible<\/span> !!!<\/strong><\/li>\n<\/ul>\n<p>Fin du vote le lundi 30 Janvier \u00e0 12H. L&rsquo;Assembl\u00e9e G\u00e9n\u00e9rale de d\u00e9pouillement aura lieu \u00e0 17h \u00e0 la fin de la 1\u00e8re journ\u00e9e du CONGRES ACAD\u00c9MIQUE !<\/p>\n","protected":false},"excerpt":{"rendered":"<p>Tous les 3 ans, le congr\u00e8s est un moment d\u00e9mocratique de bilan de l&rsquo;activit\u00e9 syndicale \u00e0 travers les rapports d&rsquo;activit\u00e9<\/p>\n","protected":false},"author":19,"featured_media":0,"comment_status":"closed","ping_status":"closed","sticky":false,"template":"","format":"standard","meta":{"colormag_page_layout":"default_layout","footnotes":""},"categories":[31],"tags":[163],"class_list":["post-1345","post","type-post","status-publish","format-standard","hentry","category-militants","tag-congres"],"_links":{"self":[{"href":"https:\/\/www.snepfsu-creteil.net\/wp\/wp-json\/wp\/v2\/posts\/1345","targetHints":{"allow":["GET"]}}],"collection":[{"href":"https:\/\/www.snepfsu-creteil.net\/wp\/wp-json\/wp\/v2\/posts"}],"about":[{"href":"https:\/\/www.snepfsu-creteil.net\/wp\/wp-json\/wp\/v2\/types\/post"}],"author":[{"embeddable":true,"href":"https:\/\/www.snepfsu-creteil.net\/wp\/wp-json\/wp\/v2\/users\/19"}],"replies":[{"embeddable":true,"href":"https:\/\/www.snepfsu-creteil.net\/wp\/wp-json\/wp\/v2\/comments?post=1345"}],"version-history":[{"count":0,"href":"https:\/\/www.snepfsu-creteil.net\/wp\/wp-json\/wp\/v2\/posts\/1345\/revisions"}],"wp:attachment":[{"href":"https:\/\/www.snepfsu-creteil.net\/wp\/wp-json\/wp\/v2\/media?parent=1345"}],"wp:term":[{"taxonomy":"category","embeddable":true,"href":"https:\/\/www.snepfsu-creteil.net\/wp\/wp-json\/wp\/v2\/categories?post=1345"},{"taxonomy":"post_tag","embeddable":true,"href":"https:\/\/www.snepfsu-creteil.net\/wp\/wp-json\/wp\/v2\/tags?post=1345"}],"curies":[{"name":"wp","href":"https:\/\/api.w.org\/{rel}","templated":true}]}}