{"id":6385,"date":"2022-01-10T11:02:24","date_gmt":"2022-01-10T10:02:24","guid":{"rendered":"https:\/\/www.snepfsu-creteil.net\/wp\/?p=6385"},"modified":"2022-01-10T11:02:25","modified_gmt":"2022-01-10T10:02:25","slug":"covid-5eme-episode-faq-du-06-01-2022-et-consignes-ipr-et-ig","status":"publish","type":"post","link":"https:\/\/www.snepfsu-creteil.net\/wp\/covid-5eme-episode-faq-du-06-01-2022-et-consignes-ipr-et-ig\/","title":{"rendered":"Covid \u00ab 5\u00e8me \u00e9pisode \u00bb : FAQ du 06\/01\/2022 et Consignes IPR et IG."},"content":{"rendered":"\n<p>Malgr\u00e9 la clarifications des r\u00e8gles applicables \u00e0 l&rsquo;EPS par le ministre en personne le 6 janvier (voir publication pr\u00e9c\u00e9dente) la plus grande confusion continue de r\u00e9gner en raison de la multiplication des consignes et autres recommandations apport\u00e9es par les diff\u00e9rentes autorit\u00e9s de l&rsquo;\u00e9ducation nationale. Tour \u00e0 tour IPR, IG, Chefs d\u2019\u00e9tablissement y vont de leur recommandations ou consignes ajoutant \u00e7a et la de nouvelles r\u00e8gles la ou il y a besoin de simplicit\u00e9 et de coh\u00e9rence. <\/p>\n\n\n\n<p><\/p>\n\n\n\n<p>rappelons que le protocole actuellement applicable dans le seconde degr\u00e9 est le niveau 2 qui pr\u00e9voit que les activit\u00e9s sportives sont possible en int\u00e9rieur et en ext\u00e9rieur avec une absence de sports de contact en int\u00e9rieur et une distanciation adapt\u00e9e. Il pr\u00e9voit \u00e9galement une limitation du brassage a celui possible au sein d&rsquo;un niveau de classe. <\/p>\n\n\n\n<figure class=\"wp-block-image size-large\"><img fetchpriority=\"high\" decoding=\"async\" width=\"789\" height=\"1024\" src=\"https:\/\/www.snepfsu-creteil.net\/wp\/wp-content\/uploads\/2021\/09\/ann-e-scolaire-2021-2022-protocole-et-cadre-de-fonctionnement-91424_0-789x1024.jpg\" alt=\"\" class=\"wp-image-5820\" srcset=\"https:\/\/www.snepfsu-creteil.net\/wp\/wp-content\/uploads\/2021\/09\/ann-e-scolaire-2021-2022-protocole-et-cadre-de-fonctionnement-91424_0-789x1024.jpg 789w, https:\/\/www.snepfsu-creteil.net\/wp\/wp-content\/uploads\/2021\/09\/ann-e-scolaire-2021-2022-protocole-et-cadre-de-fonctionnement-91424_0-231x300.jpg 231w, https:\/\/www.snepfsu-creteil.net\/wp\/wp-content\/uploads\/2021\/09\/ann-e-scolaire-2021-2022-protocole-et-cadre-de-fonctionnement-91424_0-768x997.jpg 768w, https:\/\/www.snepfsu-creteil.net\/wp\/wp-content\/uploads\/2021\/09\/ann-e-scolaire-2021-2022-protocole-et-cadre-de-fonctionnement-91424_0-1183x1536.jpg 1183w, https:\/\/www.snepfsu-creteil.net\/wp\/wp-content\/uploads\/2021\/09\/ann-e-scolaire-2021-2022-protocole-et-cadre-de-fonctionnement-91424_0.jpg 1517w\" sizes=\"(max-width: 789px) 100vw, 789px\" \/><\/figure>\n\n\n\n<p>rappelons \u00e9galement que la FAQ du 06\/01\/02022 disponible ICI pr\u00e9voit que des recommandations qui n&rsquo;ont aucune valeur contraignante et qu&rsquo;il convient a chaque \u00e9quipe d&rsquo;en tenir compte tout en \u00e9valuant leur pertinence au regard de la situation locale et du contexte de leur \u00e9tablissement :<\/p>\n\n\n\n<figure class=\"wp-block-image size-large\"><img decoding=\"async\" width=\"1024\" height=\"395\" src=\"https:\/\/www.snepfsu-creteil.net\/wp\/wp-content\/uploads\/2022\/01\/image-1-1024x395.png\" alt=\"\" class=\"wp-image-6386\" srcset=\"https:\/\/www.snepfsu-creteil.net\/wp\/wp-content\/uploads\/2022\/01\/image-1-1024x395.png 1024w, https:\/\/www.snepfsu-creteil.net\/wp\/wp-content\/uploads\/2022\/01\/image-1-300x116.png 300w, https:\/\/www.snepfsu-creteil.net\/wp\/wp-content\/uploads\/2022\/01\/image-1-768x296.png 768w, https:\/\/www.snepfsu-creteil.net\/wp\/wp-content\/uploads\/2022\/01\/image-1.png 1330w\" sizes=\"(max-width: 1024px) 100vw, 1024px\" \/><\/figure>\n\n\n\n<p>Pour finir l&rsquo;IG y ajoute ses propres recommandations qu&rsquo;ils convient de prendre avec le m\u00eame recul et la m\u00eame approche<\/p>\n\n\n\n<figure class=\"wp-block-image size-large\"><img decoding=\"async\" width=\"1024\" height=\"519\" src=\"https:\/\/www.snepfsu-creteil.net\/wp\/wp-content\/uploads\/2022\/01\/image-2-1024x519.png\" alt=\"\" class=\"wp-image-6387\" srcset=\"https:\/\/www.snepfsu-creteil.net\/wp\/wp-content\/uploads\/2022\/01\/image-2-1024x519.png 1024w, https:\/\/www.snepfsu-creteil.net\/wp\/wp-content\/uploads\/2022\/01\/image-2-300x152.png 300w, https:\/\/www.snepfsu-creteil.net\/wp\/wp-content\/uploads\/2022\/01\/image-2-768x389.png 768w, https:\/\/www.snepfsu-creteil.net\/wp\/wp-content\/uploads\/2022\/01\/image-2.png 1259w\" sizes=\"(max-width: 1024px) 100vw, 1024px\" \/><\/figure>\n\n\n\n<figure class=\"wp-block-image size-large\"><img loading=\"lazy\" decoding=\"async\" width=\"1024\" height=\"160\" src=\"https:\/\/www.snepfsu-creteil.net\/wp\/wp-content\/uploads\/2022\/01\/image-3-1024x160.png\" alt=\"\" class=\"wp-image-6388\" srcset=\"https:\/\/www.snepfsu-creteil.net\/wp\/wp-content\/uploads\/2022\/01\/image-3-1024x160.png 1024w, https:\/\/www.snepfsu-creteil.net\/wp\/wp-content\/uploads\/2022\/01\/image-3-300x47.png 300w, https:\/\/www.snepfsu-creteil.net\/wp\/wp-content\/uploads\/2022\/01\/image-3-768x120.png 768w, https:\/\/www.snepfsu-creteil.net\/wp\/wp-content\/uploads\/2022\/01\/image-3.png 1295w\" sizes=\"(max-width: 1024px) 100vw, 1024px\" \/><\/figure>\n\n\n\n<p><\/p>\n","protected":false},"excerpt":{"rendered":"<p>Malgr\u00e9 la clarifications des r\u00e8gles applicables \u00e0 l&rsquo;EPS par le ministre en personne le 6 janvier (voir publication pr\u00e9c\u00e9dente) la<\/p>\n","protected":false},"author":8,"featured_media":5809,"comment_status":"closed","ping_status":"closed","sticky":false,"template":"","format":"standard","meta":{"colormag_page_layout":"default_layout","footnotes":""},"categories":[418,403,416,170,408,19,18,17],"tags":[],"class_list":["post-6385","post","type-post","status-publish","format-standard","has-post-thumbnail","hentry","category-a-la-une","category-actualite","category-college","category-lycees","category-chsct","category-seine-et-marne","category-seine-st-denis","category-val-de-marne"],"_links":{"self":[{"href":"https:\/\/www.snepfsu-creteil.net\/wp\/wp-json\/wp\/v2\/posts\/6385","targetHints":{"allow":["GET"]}}],"collection":[{"href":"https:\/\/www.snepfsu-creteil.net\/wp\/wp-json\/wp\/v2\/posts"}],"about":[{"href":"https:\/\/www.snepfsu-creteil.net\/wp\/wp-json\/wp\/v2\/types\/post"}],"author":[{"embeddable":true,"href":"https:\/\/www.snepfsu-creteil.net\/wp\/wp-json\/wp\/v2\/users\/8"}],"replies":[{"embeddable":true,"href":"https:\/\/www.snepfsu-creteil.net\/wp\/wp-json\/wp\/v2\/comments?post=6385"}],"version-history":[{"count":1,"href":"https:\/\/www.snepfsu-creteil.net\/wp\/wp-json\/wp\/v2\/posts\/6385\/revisions"}],"predecessor-version":[{"id":6389,"href":"https:\/\/www.snepfsu-creteil.net\/wp\/wp-json\/wp\/v2\/posts\/6385\/revisions\/6389"}],"wp:featuredmedia":[{"embeddable":true,"href":"https:\/\/www.snepfsu-creteil.net\/wp\/wp-json\/wp\/v2\/media\/5809"}],"wp:attachment":[{"href":"https:\/\/www.snepfsu-creteil.net\/wp\/wp-json\/wp\/v2\/media?parent=6385"}],"wp:term":[{"taxonomy":"category","embeddable":true,"href":"https:\/\/www.snepfsu-creteil.net\/wp\/wp-json\/wp\/v2\/categories?post=6385"},{"taxonomy":"post_tag","embeddable":true,"href":"https:\/\/www.snepfsu-creteil.net\/wp\/wp-json\/wp\/v2\/tags?post=6385"}],"curies":[{"name":"wp","href":"https:\/\/api.w.org\/{rel}","templated":true}]}}