{"id":8144,"date":"2024-05-17T19:14:45","date_gmt":"2024-05-17T17:14:45","guid":{"rendered":"https:\/\/www.snepfsu-creteil.net\/wp\/?p=8144"},"modified":"2024-06-13T16:01:42","modified_gmt":"2024-06-13T14:01:42","slug":"mutations-intra-creteil-les-dernieres-infos-a-ne-pas-manquer-mai-et-juin-2024","status":"publish","type":"post","link":"https:\/\/www.snepfsu-creteil.net\/wp\/mutations-intra-creteil-les-dernieres-infos-a-ne-pas-manquer-mai-et-juin-2024\/","title":{"rendered":"Mutations INTRA Cr\u00e9teil : les derni\u00e8res infos \u00e0 ne pas manquer (juin 2024)"},"content":{"rendered":"\n<h6 class=\"wp-block-heading has-text-align-center has-black-color has-pale-pink-background-color has-text-color has-background has-link-color wp-elements-c04ce8588022d5f7148b42b2620e15aa\">Les bar\u00e8mes Mut Intra sont officiels <strong>depuis le 13 mai 2024<\/strong>. Vous pouvez les consulter sur Siam I-Prof. <\/h6>\n\n\n\n<p><\/p>\n\n\n\n<p class=\"has-vivid-purple-color has-text-color has-link-color wp-elements-2a7accac1ab8363542137d836983d972\">Vous aviez jusqu\u2019au <strong>24 mai 2024<\/strong> pour :<\/p>\n\n\n\n<ul class=\"wp-block-list\">\n<li>annuler votre participation,<\/li>\n\n\n\n<li>modifier vos v\u0153ux,<\/li>\n\n\n\n<li>apporter les pi\u00e8ces justificatives n\u00e9cessaires \u00e0 la prise en compte de votre situation.<\/li>\n<\/ul>\n\n\n\n<p class=\"has-vivid-purple-color has-text-color has-link-color wp-elements-8c587431d3578ce0f1e823a0727b6dd4\">Vous aviez jusqu\u2019au <strong>27 mai 2024<\/strong> pour contester le bar\u00e8me chiffr\u00e9 via COLIBRIS CR\u00c9TEIL via : <\/p>\n\n\n\n<ul class=\"wp-block-list\">\n<li>Colibris Cr\u00e9teil <strong>ET<\/strong><\/li>\n\n\n\n<li>un mail \u00e0 la DPE6 @ <a href=\"mailto:ce.dpe6@ac-creteil.fr\">ce.dpe6@ac-creteil.fr<\/a><\/li>\n\n\n\n<li>un mail \u00e0 la cellule mouvement @ <a href=\"mailto:mvt2024@ac-creteil.fr\">mvt2024@ac-creteil.fr<\/a><\/li>\n\n\n\n<li>un mail de copie aux commissaires paritaires acad\u00e9miques du SNEP-FSU @ <a href=\"mailto:corpo-creteil@snepfsu.net\">corpo-creteil@snepfsu.net<\/a><\/li>\n<\/ul>\n\n\n\n<p><\/p>\n\n\n\n<p class=\"has-vivid-purple-color has-text-color has-link-color wp-elements-2eb476ada1de6b288f5853b80ee88760\">Les R\u00e9sultats MUT intra sont d\u00e9sormais tomb\u00e9s.<\/p>\n\n\n\n<p>S\u2019ouvre alors une<strong> p\u00e9riode de 2 mois au cours de laquelle vous pourrez formuler un recours<\/strong> sur COLIBRIS CR\u00c9TEIL si vous y \u00eates \u00e9ligibles.<br><strong>Conditions de recours<\/strong>&nbsp;:<\/p>\n\n\n\n<ul class=\"wp-block-list\">\n<li>vous n\u2019obtenez pas de mutation<\/li>\n\n\n\n<li>vous obtenez une affectation en extension c\u2019est-\u00e0-dire sur un v\u0153u non exprim\u00e9<\/li>\n<\/ul>\n\n\n\n<p>Dans le formulaire de recours COLIBRIS, vous pourrez demander \u00e0 \u00eatre assist\u00e9.e par une organisation syndicale. <br>N\u2019oubliez pas de r\u00e9pondre positivement et de choisir la FSU dans le menu d\u00e9roulant <strong>(la FSU est la premi\u00e8re f\u00e9d\u00e9ration dans l\u2019\u00c9ducation nationale&nbsp;; elle regroupe en particulier le SNES, le SNEP, le SNUEP et le SNUipp) .<br><\/strong>Une fois que vous aurez choisi la <strong>FSU<\/strong> pour vous assister dans votre recours aupr\u00e8s du rectorat, l\u2019application Colibris vous proposera de mentionner le nom d\u2019un repr\u00e9sentant syndical. <strong>Cette \u00e9tape est optionnelle. Ne donnez aucun nom&nbsp;: le SNEP et la FSU s\u2019en chargent&nbsp;!<\/strong><\/p>\n\n\n\n<hr class=\"wp-block-separator has-alpha-channel-opacity\"\/>\n\n\n\n<h5 class=\"wp-block-heading has-text-align-center\">&gt; <strong>Informez le SNEP-FSU de votre r\u00e9sultat&nbsp;en r\u00e9pondant <\/strong><a href=\"https:\/\/docs.google.com\/forms\/d\/e\/1FAIpQLSfDMgDek9kU1hsDBEvPYWR_CEutlzvPj4ICttLzKPcUD5v00g\/viewform?usp=sf_link\" data-type=\"link\" data-id=\"https:\/\/docs.google.com\/forms\/d\/e\/1FAIpQLSfDMgDek9kU1hsDBEvPYWR_CEutlzvPj4ICttLzKPcUD5v00g\/viewform?usp=sf_link\"><strong>\u00e0 ce&nbsp;questionnaire<\/strong> <\/a><\/h5>\n\n\n\n<p class=\"has-text-align-center has-vivid-purple-color has-text-color has-link-color wp-elements-985a8a398cef45d5aa76fc1942657059\">1. <strong>Vous avez obtenu un poste fixe&nbsp;:<\/strong><\/p>\n\n\n\n<p><strong>Prenez contact le plus rapidement possible avec votre futur \u00e9tablissement<\/strong>.<br>En effet, vous pourrez ainsi vous pr\u00e9senter au chef d\u2019\u00e9tablissement, rencontrer vos coll\u00e8gues et particuli\u00e8rement le coordinateur de votre discipline, conna\u00eetre les dates des conseils d\u2019enseignement, des r\u00e9unions de r\u00e9partition de services, et \u00e9mettre des v\u0153ux pour votre emploi du temps.<br>N\u2019h\u00e9sitez pas non plus \u00e0 nous contacter pour vous mettre en relation avec le ou la repr\u00e9sentant.e du SNEP-FSU du d\u00e9partement.<\/p>\n\n\n\n<p class=\"has-text-align-center has-vivid-purple-color has-text-color has-link-color wp-elements-b4a098e856242a5b7b5506d2b0575c67\"><strong>2. Vous avez obtenu une affectation sur une zone de remplacement : voeux \u00e0 r\u00e9aliser au plus vite&nbsp;:<\/strong><\/p>\n\n\n\n<p class=\"has-vivid-red-color has-text-color has-link-color wp-elements-5da8b3507d9f9b399a6413868ee833a8\"><strong>Les personnels affect\u00e9s en tant que titulaire d&rsquo;une zone de remplacement (ZR)<\/strong>\u00a0doivent, si ce n&rsquo;est pas d\u00e9j\u00e0 fait, se connecter sur\u00a0<strong><a href=\"https:\/\/portail-creteil.colibris.education.gouv.fr\/\" data-type=\"link\" data-id=\"https:\/\/portail-creteil.colibris.education.gouv.fr\/\">COLIBRIS CR\u00c9TEIL<\/a><\/strong>\u00a0afin d&rsquo;\u00e9tablir leurs pr\u00e9f\u00e9rences (<strong>5 au maximum<\/strong>) quant \u00e0 leur future affectation, avant le\u00a0<strong>lundi 24 juin 2024 inclus<\/strong>\u00a0(rubrique \u00ab\u00a0D\u00e9p\u00f4t des pr\u00e9f\u00e9rences relatives \u00e0 une affectation sur zone de remplacement &#8211; Mouvement intra-acad\u00e9mique \u00ab\u00a0).\u00a0<\/p>\n\n\n\n<p>Vous pouvez aussi en plus transf\u00e9rer ces pr\u00e9f\u00e9rences par mail \u00e0 la <strong>DPE6&nbsp;<\/strong>@ <a href=\"mailto:ce.dpe6@ac-creteil.fr\">ce.dpe6@ac-creteil.fr<\/a><br><em>Conseil&nbsp;<\/em>: Formulez ces 5 pr\u00e9f\u00e9rences <strong>du plus pr\u00e9cis au plus large<\/strong>, en finissant par une ou deux pr\u00e9f\u00e9rences GEO&nbsp;(ex 1 \u00e9tablissement, 2 pr\u00e9f\u00e9rences COM -commune-, 2 pr\u00e9f\u00e9rences GEO -groupement de communes- ou alors&nbsp;: 2 COM et 3 GEO).<\/p>\n\n\n\n<p><em><a href=\"https:\/\/www.snepfsu-creteil.net\/wp\/vie-syndicale\/le-snep-fsu-dans-ton-departement\/\" data-type=\"link\" data-id=\"https:\/\/www.snepfsu-creteil.net\/wp\/vie-syndicale\/le-snep-fsu-dans-ton-departement\/\">Le SNEP-FSU Cr\u00e9teil, mis \u00e0 jour le jeudi 13 juin 2024<\/a><\/em><br>Contact mutation intra : @ <strong><em>corpo-creteil@snepfsu.net<\/em><\/strong><br>Contact renseignements 93 : <strong><em>@s2-93@snepfsu.net<\/em><\/strong><br>Autres contacts sur le site, \u00e0 l&rsquo;onglet \u00ab\u00a0Vie Syndicale\u00a0\u00bb<\/p>\n\n\n\n<p><\/p>\n","protected":false},"excerpt":{"rendered":"<p>Les bar\u00e8mes Mut Intra sont officiels depuis le 13 mai 2024. Vous pouvez les consulter sur Siam I-Prof. Vous aviez<\/p>\n","protected":false},"author":10,"featured_media":8158,"comment_status":"closed","ping_status":"closed","sticky":false,"template":"","format":"standard","meta":{"colormag_page_layout":"default_layout","footnotes":""},"categories":[418,403,16,5,3],"tags":[451,449,450,433,92,452],"class_list":["post-8144","post","type-post","status-publish","format-standard","has-post-thumbnail","hentry","category-a-la-une","category-actualite","category-departements","category-mvt-intra","category-mutations","tag-corpo-creteil","tag-intra","tag-intra-2024","tag-mutations","tag-snep-fsu-creteil","tag-tzr"],"_links":{"self":[{"href":"https:\/\/www.snepfsu-creteil.net\/wp\/wp-json\/wp\/v2\/posts\/8144","targetHints":{"allow":["GET"]}}],"collection":[{"href":"https:\/\/www.snepfsu-creteil.net\/wp\/wp-json\/wp\/v2\/posts"}],"about":[{"href":"https:\/\/www.snepfsu-creteil.net\/wp\/wp-json\/wp\/v2\/types\/post"}],"author":[{"embeddable":true,"href":"https:\/\/www.snepfsu-creteil.net\/wp\/wp-json\/wp\/v2\/users\/10"}],"replies":[{"embeddable":true,"href":"https:\/\/www.snepfsu-creteil.net\/wp\/wp-json\/wp\/v2\/comments?post=8144"}],"version-history":[{"count":13,"href":"https:\/\/www.snepfsu-creteil.net\/wp\/wp-json\/wp\/v2\/posts\/8144\/revisions"}],"predecessor-version":[{"id":8174,"href":"https:\/\/www.snepfsu-creteil.net\/wp\/wp-json\/wp\/v2\/posts\/8144\/revisions\/8174"}],"wp:featuredmedia":[{"embeddable":true,"href":"https:\/\/www.snepfsu-creteil.net\/wp\/wp-json\/wp\/v2\/media\/8158"}],"wp:attachment":[{"href":"https:\/\/www.snepfsu-creteil.net\/wp\/wp-json\/wp\/v2\/media?parent=8144"}],"wp:term":[{"taxonomy":"category","embeddable":true,"href":"https:\/\/www.snepfsu-creteil.net\/wp\/wp-json\/wp\/v2\/categories?post=8144"},{"taxonomy":"post_tag","embeddable":true,"href":"https:\/\/www.snepfsu-creteil.net\/wp\/wp-json\/wp\/v2\/tags?post=8144"}],"curies":[{"name":"wp","href":"https:\/\/api.w.org\/{rel}","templated":true}]}}